{"id":2696,"date":"2023-06-26T19:52:28","date_gmt":"2023-06-26T17:52:28","guid":{"rendered":"https:\/\/hcandersen.de\/?p=2696"},"modified":"2023-07-03T15:55:50","modified_gmt":"2023-07-03T13:55:50","slug":"muellband-rockt-lesewettbewerb","status":"publish","type":"post","link":"https:\/\/hcandersen.de\/ls\/2023\/06\/muellband-rockt-lesewettbewerb\/","title":{"rendered":"M\u00fcllBand rockt Lesewettbewerb"},"content":{"rendered":"\n<p>Im Rahmen des Leseprojekts \u201eLesen lernen, leben lernen\u201c der Ralf-Rangnick-Stiftung, bewiesen die Kinder der Klasse 2c, dass man mit M\u00fcll einen Wettbewerb gewinnen kann.<\/p>\n\n\n\n<p>Beginnend im M\u00e4rz setzten sich die Sch\u00fclerinnen und Sch\u00fcler auf Grundlage des Buches \u201eFiete Hering\u201c im Deutschunterricht mit dem Problem des M\u00fclls in unseren Weltmeeren auseinander. Im Sachunterricht lernten die Kinder verschiedene M\u00f6glichkeiten kennen, wie M\u00fcll vermieden oder wiederverwertet werden kann. Ganz im Sinne des Upcyclings wurde es danach im Kunst- und Musikunterricht praktisch und nachhaltig. Aus dem M\u00fcll von zu Hause wurden zuerst Schuhkartons gestaltet, die Szenen aus \u201eFiete Herings\u201c M\u00fcllmeer zeigten. Mit dem \u00fcbrigen Material wurden danach Musikinstrumente wie Rasseln, Regenmacher, Trommeln und Gummizittern gebaut. So entstand die M\u00fcllBand. Und damit nicht genug. Die Klasse 2c gestaltete zu einem Kapitel aus \u201eFiete Hering\u201c eine bunte Klanggeschichte und bewarb sich damit bei einem Lesewettbewerb innerhalb des Projekts \u201eLesen lernen, leben lernen\u201c. Als eine von drei Pr\u00e4sentationen verschiedener Schulen, wurde die M\u00fcllBand Teil des Wettbewerbs und \u00fcberzeugte die Jury am 25.04.2023 live im Klassenzimmer:<\/p>\n\n\n\n<figure class=\"wp-block-video\"><video height=\"1080\" style=\"aspect-ratio: 1920 \/ 1080;\" width=\"1920\" controls src=\"https:\/\/hcandersen.de\/wp-content\/uploads\/2023\/06\/BUCHLESUNG-2.0.mp4\"><\/video><\/figure>\n\n\n\n<p>Als Preis f\u00fcr ihre Teilnahme erhielt die Klasse 2c eine Lesung von Michael Oertel und sein Buch &#8220;Helfe-Elfe Magda auf der Insel Arran&#8221;.<\/p>\n\n\n\n<figure class=\"wp-block-gallery has-nested-images columns-default is-cropped wp-block-gallery-1 is-layout-flex wp-block-gallery-is-layout-flex\">\n<figure class=\"wp-block-image size-large\"><a href=\"https:\/\/hcandersen.de\/wp-content\/uploads\/2023\/07\/Foto-von-Julia-S.-8.jpg\"><img loading=\"lazy\" decoding=\"async\" width=\"1024\" height=\"768\" data-id=\"2779\" src=\"https:\/\/hcandersen.de\/wp-content\/uploads\/2023\/07\/Foto-von-Julia-S.-8-1024x768.jpg\" alt=\"\" class=\"wp-image-2779\" srcset=\"https:\/\/hcandersen.de\/wp-content\/uploads\/2023\/07\/Foto-von-Julia-S.-8-1024x768.jpg 1024w, https:\/\/hcandersen.de\/wp-content\/uploads\/2023\/07\/Foto-von-Julia-S.-8-300x225.jpg 300w, https:\/\/hcandersen.de\/wp-content\/uploads\/2023\/07\/Foto-von-Julia-S.-8-768x576.jpg 768w, https:\/\/hcandersen.de\/wp-content\/uploads\/2023\/07\/Foto-von-Julia-S.-8-1536x1152.jpg 1536w, https:\/\/hcandersen.de\/wp-content\/uploads\/2023\/07\/Foto-von-Julia-S.-8.jpg 2016w\" sizes=\"auto, (max-width: 1024px) 100vw, 1024px\" \/><\/a><\/figure>\n\n\n\n<figure class=\"wp-block-image size-large\"><a href=\"https:\/\/hcandersen.de\/wp-content\/uploads\/2023\/07\/PXL_20230524_061434836.MP_-scaled.jpg\"><img loading=\"lazy\" decoding=\"async\" width=\"1024\" height=\"768\" data-id=\"2782\" src=\"https:\/\/hcandersen.de\/wp-content\/uploads\/2023\/07\/PXL_20230524_061434836.MP_-1024x768.jpg\" alt=\"\" class=\"wp-image-2782\" srcset=\"https:\/\/hcandersen.de\/wp-content\/uploads\/2023\/07\/PXL_20230524_061434836.MP_-1024x768.jpg 1024w, https:\/\/hcandersen.de\/wp-content\/uploads\/2023\/07\/PXL_20230524_061434836.MP_-300x225.jpg 300w, https:\/\/hcandersen.de\/wp-content\/uploads\/2023\/07\/PXL_20230524_061434836.MP_-768x576.jpg 768w, https:\/\/hcandersen.de\/wp-content\/uploads\/2023\/07\/PXL_20230524_061434836.MP_-1536x1152.jpg 1536w, https:\/\/hcandersen.de\/wp-content\/uploads\/2023\/07\/PXL_20230524_061434836.MP_-2048x1536.jpg 2048w\" sizes=\"auto, (max-width: 1024px) 100vw, 1024px\" \/><\/a><\/figure>\n<\/figure>\n","protected":false},"excerpt":{"rendered":"<p>Im Rahmen des Leseprojekts \u201eLesen lernen, leben lernen\u201c der Ralf-Rangnick-Stiftung, bewiesen die Kinder der Klasse 2c, dass man mit M\u00fcll [&hellip;]<\/p>\n","protected":false},"author":2,"featured_media":2700,"comment_status":"open","ping_status":"open","sticky":false,"template":"","format":"standard","meta":{"_acf_changed":false,"footnotes":""},"categories":[16,17],"tags":[],"class_list":["post-2696","post","type-post","status-publish","format-standard","has-post-thumbnail","hentry","category-fuer-eltern","category-fuer-kinder"],"acf":[],"_links":{"self":[{"href":"https:\/\/hcandersen.de\/ls\/wp-json\/wp\/v2\/posts\/2696","targetHints":{"allow":["GET"]}}],"collection":[{"href":"https:\/\/hcandersen.de\/ls\/wp-json\/wp\/v2\/posts"}],"about":[{"href":"https:\/\/hcandersen.de\/ls\/wp-json\/wp\/v2\/types\/post"}],"author":[{"embeddable":true,"href":"https:\/\/hcandersen.de\/ls\/wp-json\/wp\/v2\/users\/2"}],"replies":[{"embeddable":true,"href":"https:\/\/hcandersen.de\/ls\/wp-json\/wp\/v2\/comments?post=2696"}],"version-history":[{"count":3,"href":"https:\/\/hcandersen.de\/ls\/wp-json\/wp\/v2\/posts\/2696\/revisions"}],"predecessor-version":[{"id":2785,"href":"https:\/\/hcandersen.de\/ls\/wp-json\/wp\/v2\/posts\/2696\/revisions\/2785"}],"wp:featuredmedia":[{"embeddable":true,"href":"https:\/\/hcandersen.de\/ls\/wp-json\/wp\/v2\/media\/2700"}],"wp:attachment":[{"href":"https:\/\/hcandersen.de\/ls\/wp-json\/wp\/v2\/media?parent=2696"}],"wp:term":[{"taxonomy":"category","embeddable":true,"href":"https:\/\/hcandersen.de\/ls\/wp-json\/wp\/v2\/categories?post=2696"},{"taxonomy":"post_tag","embeddable":true,"href":"https:\/\/hcandersen.de\/ls\/wp-json\/wp\/v2\/tags?post=2696"}],"curies":[{"name":"wp","href":"https:\/\/api.w.org\/{rel}","templated":true}]}}